{"id":644,"date":"2017-04-22T00:02:08","date_gmt":"2017-04-21T21:02:08","guid":{"rendered":"http:\/\/www.fabad.org.tr\/?p=644"},"modified":"2018-04-18T09:58:45","modified_gmt":"2018-04-18T06:58:45","slug":"23-nisan-ulusal-egemenlik-ve-cocuk-bayrami-kutlamasi","status":"publish","type":"post","link":"https:\/\/www.fabad.org.tr\/en\/23-nisan-ulusal-egemenlik-ve-cocuk-bayrami-kutlamasi\/","title":{"rendered":"23 Nisan Ulusal Egemenlik ve \u00c7ocuk Bayram\u0131 Kutlamas\u0131"},"content":{"rendered":"<p><\/p>\n<div id=\"m_-6560690462675579988yui_3_16_0_ym19_1_1492780450915_11074\">\n<div id=\"m_-6560690462675579988yui_3_16_0_ym19_1_1492780450915_11074\">\n<div id=\"m_-6560690462675579988yui_3_16_0_ym19_1_1492780450915_11074\">\n<p><img loading=\"lazy\" decoding=\"async\" class=\"aligncenter wp-image-982 size-large\" src=\"http:\/\/www.fabad.org.tr\/wp-content\/uploads\/2015\/03\/23-Nisan-2018-768x165.png\" alt=\"\" width=\"768\" height=\"165\" srcset=\"https:\/\/www.fabad.org.tr\/wp-content\/uploads\/2015\/03\/23-Nisan-2018-768x165.png 768w, https:\/\/www.fabad.org.tr\/wp-content\/uploads\/2015\/03\/23-Nisan-2018-250x54.png 250w, https:\/\/www.fabad.org.tr\/wp-content\/uploads\/2015\/03\/23-Nisan-2018.png 932w\" sizes=\"auto, (max-width: 768px) 100vw, 768px\" \/><\/p>\n<p class=\"m_-6947203529378976413ydpb4ad12d3m_-6301020407787411396gmail-yiv5457650479m_-2422032360201475884yiv4045407588m_6372331932759845913ydpa374095bMsoNormal\"><span lang=\"EN-US\">De\u011ferli Meslekta\u015flar\u0131m\u0131z, De\u011ferli Akademisyenler,<\/span><\/p>\n<p class=\"m_-6947203529378976413ydpb4ad12d3m_-6301020407787411396gmail-yiv5457650479m_-2422032360201475884yiv4045407588m_6372331932759845913ydpa374095bMsoNormal\"><span lang=\"EN-US\">Cumhuriyetimizin temeli, ulusal kurtulu\u015f sava\u015f\u0131m\u0131z\u0131n ba\u015flang\u0131\u00e7 ate\u015fi olan T\u00fcrkiye B\u00fcy\u00fck Millet Meclisi\u2019nin a\u00e7\u0131l\u0131\u015f\u0131n\u0131n 98. y\u0131l\u0131n\u0131 kutlarken, bu miras\u0131 bizlere b\u0131rakan ba\u015fta b\u00fcy\u00fck \u00f6nder Mustafa Kemal Atat\u00fcrk olmak \u00fczere\u00a0<\/span>silah arkada\u015flar\u0131n\u0131 ve\u00a0\u015fehitlerimizi\u00a0rahmet ve sayg\u0131yla an\u0131yor, bu duygu ve d\u00fc\u015f\u00fcncelerle\u00a0<span lang=\"EN-US\">23 Nisan\u00a0Ulusal Egemenlik ve \u00c7ocuk Bayram\u0131m\u0131z\u0131<\/span>\u00a0en i\u00e7ten dileklerimizle kutluyoruz.<\/p>\n<p class=\"m_-6947203529378976413ydpb4ad12d3m_-6301020407787411396gmail-yiv5457650479m_-2422032360201475884yiv4045407588m_6372331932759845913ydpa374095bMsoNormal\">Sayg\u0131lar\u0131m\u0131zla,<\/p>\n<p class=\"m_-6947203529378976413ydpb4ad12d3m_-6301020407787411396gmail-yiv5457650479m_-2422032360201475884yiv4045407588m_6372331932759845913ydpa374095bMsoNormal\"><span lang=\"EN-US\">Prof. Dr. Nesrin G\u00f6khan Kelek\u00e7i<\/span><\/p>\n<p class=\"m_-6947203529378976413ydpb4ad12d3m_-6301020407787411396gmail-yiv5457650479m_-2422032360201475884yiv4045407588m_6372331932759845913ydpa374095bMsoNormal\"><span lang=\"EN-US\">FABAD Y\u00f6netim Kurulu Ad\u0131na<\/span><\/p>\n<p class=\"m_-6947203529378976413ydpb4ad12d3m_-6301020407787411396gmail-yiv5457650479m_-2422032360201475884yiv4045407588m_6372331932759845913ydpa374095bMsoNormal\"><span lang=\"EN-US\">Ba\u015fkan<\/span><\/p>\n<\/div>\n<\/div>\n<\/div>\n<p><\/p>","protected":false},"excerpt":{"rendered":"<p>De\u011ferli Meslekta\u015flar\u0131m\u0131z, De\u011ferli Akademisyenler, Cumhuriyetimizin temeli, ulusal kurtulu\u015f sava\u015f\u0131m\u0131z\u0131n ba\u015flang\u0131\u00e7 ate\u015fi olan T\u00fcrkiye B\u00fcy\u00fck Millet Meclisi\u2019nin a\u00e7\u0131l\u0131\u015f\u0131n\u0131n 98. y\u0131l\u0131n\u0131 kutlarken, bu miras\u0131 bizlere b\u0131rakan ba\u015fta b\u00fcy\u00fck \u00f6nder Mustafa Kemal Atat\u00fcrk olmak \u00fczere\u00a0silah arkada\u015flar\u0131n\u0131 ve\u00a0\u015fehitlerimizi\u00a0rahmet&#46;&#46;&#46;<\/p>\n","protected":false},"author":4,"featured_media":982,"comment_status":"closed","ping_status":"closed","sticky":false,"template":"","format":"standard","meta":{"_uag_custom_page_level_css":"","footnotes":""},"categories":[1],"tags":[],"class_list":["post-644","post","type-post","status-publish","format-standard","has-post-thumbnail","hentry","category-genel"],"uagb_featured_image_src":{"full":["https:\/\/www.fabad.org.tr\/wp-content\/uploads\/2015\/03\/23-Nisan-2018.png",932,200,false],"thumbnail":["https:\/\/www.fabad.org.tr\/wp-content\/uploads\/2015\/03\/23-Nisan-2018-120x200.png",120,200,true],"medium":["https:\/\/www.fabad.org.tr\/wp-content\/uploads\/2015\/03\/23-Nisan-2018-250x54.png",250,54,true],"medium_large":["https:\/\/www.fabad.org.tr\/wp-content\/uploads\/2015\/03\/23-Nisan-2018-768x165.png",768,165,true],"large":["https:\/\/www.fabad.org.tr\/wp-content\/uploads\/2015\/03\/23-Nisan-2018-768x165.png",768,165,true],"1536x1536":["https:\/\/www.fabad.org.tr\/wp-content\/uploads\/2015\/03\/23-Nisan-2018.png",932,200,false],"2048x2048":["https:\/\/www.fabad.org.tr\/wp-content\/uploads\/2015\/03\/23-Nisan-2018.png",932,200,false],"thumb-small":["https:\/\/www.fabad.org.tr\/wp-content\/uploads\/2015\/03\/23-Nisan-2018-160x160.png",80,80,true],"thumb-standard":["https:\/\/www.fabad.org.tr\/wp-content\/uploads\/2015\/03\/23-Nisan-2018-320x320.png",320,320,true],"thumb-medium":["https:\/\/www.fabad.org.tr\/wp-content\/uploads\/2015\/03\/23-Nisan-2018-520x245.png",520,245,true],"thumb-large":["https:\/\/www.fabad.org.tr\/wp-content\/uploads\/2015\/03\/23-Nisan-2018-720x340.png",720,340,true],"thumb-xlarge":["https:\/\/www.fabad.org.tr\/wp-content\/uploads\/2015\/03\/23-Nisan-2018-980x450.png",980,450,true],"thumb-xxlarge":["https:\/\/www.fabad.org.tr\/wp-content\/uploads\/2015\/03\/23-Nisan-2018-1320x500.png",1320,500,true]},"uagb_author_info":{"display_name":"Webmaster","author_link":"https:\/\/www.fabad.org.tr\/en\/author\/webmaster\/"},"uagb_comment_info":0,"uagb_excerpt":"De\u011ferli Meslekta\u015flar\u0131m\u0131z, De\u011ferli Akademisyenler, Cumhuriyetimizin temeli, ulusal kurtulu\u015f sava\u015f\u0131m\u0131z\u0131n ba\u015flang\u0131\u00e7 ate\u015fi olan T\u00fcrkiye B\u00fcy\u00fck Millet Meclisi\u2019nin a\u00e7\u0131l\u0131\u015f\u0131n\u0131n 98. y\u0131l\u0131n\u0131 kutlarken, bu miras\u0131 bizlere b\u0131rakan ba\u015fta b\u00fcy\u00fck \u00f6nder Mustafa Kemal Atat\u00fcrk olmak \u00fczere\u00a0silah arkada\u015flar\u0131n\u0131 ve\u00a0\u015fehitlerimizi\u00a0rahmet&#46;&#46;&#46;","_links":{"self":[{"href":"https:\/\/www.fabad.org.tr\/en\/wp-json\/wp\/v2\/posts\/644","targetHints":{"allow":["GET"]}}],"collection":[{"href":"https:\/\/www.fabad.org.tr\/en\/wp-json\/wp\/v2\/posts"}],"about":[{"href":"https:\/\/www.fabad.org.tr\/en\/wp-json\/wp\/v2\/types\/post"}],"author":[{"embeddable":true,"href":"https:\/\/www.fabad.org.tr\/en\/wp-json\/wp\/v2\/users\/4"}],"replies":[{"embeddable":true,"href":"https:\/\/www.fabad.org.tr\/en\/wp-json\/wp\/v2\/comments?post=644"}],"version-history":[{"count":3,"href":"https:\/\/www.fabad.org.tr\/en\/wp-json\/wp\/v2\/posts\/644\/revisions"}],"predecessor-version":[{"id":984,"href":"https:\/\/www.fabad.org.tr\/en\/wp-json\/wp\/v2\/posts\/644\/revisions\/984"}],"wp:featuredmedia":[{"embeddable":true,"href":"https:\/\/www.fabad.org.tr\/en\/wp-json\/wp\/v2\/media\/982"}],"wp:attachment":[{"href":"https:\/\/www.fabad.org.tr\/en\/wp-json\/wp\/v2\/media?parent=644"}],"wp:term":[{"taxonomy":"category","embeddable":true,"href":"https:\/\/www.fabad.org.tr\/en\/wp-json\/wp\/v2\/categories?post=644"},{"taxonomy":"post_tag","embeddable":true,"href":"https:\/\/www.fabad.org.tr\/en\/wp-json\/wp\/v2\/tags?post=644"}],"curies":[{"name":"wp","href":"https:\/\/api.w.org\/{rel}","templated":true}]}}