{"id":2045,"date":"2026-05-01T00:00:58","date_gmt":"2026-04-30T21:00:58","guid":{"rendered":"https:\/\/www.fabad.org.tr\/?p=2045"},"modified":"2026-05-01T14:16:52","modified_gmt":"2026-05-01T11:16:52","slug":"1-mayis-emek-ve-dayanisma-gunu-kutlu-olsun","status":"publish","type":"post","link":"https:\/\/www.fabad.org.tr\/en\/1-mayis-emek-ve-dayanisma-gunu-kutlu-olsun\/","title":{"rendered":"1 May\u0131s Emek ve Dayan\u0131\u015fma G\u00fcn\u00fc Kutlu Olsun"},"content":{"rendered":"<p style=\"text-align: center;\">1 May\u0131s Emek ve Dayan\u0131\u015fma G\u00fcn\u00fc Kutlu Olsun<\/p>\n<p><img loading=\"lazy\" decoding=\"async\" class=\"aligncenter size-full wp-image-2043\" src=\"https:\/\/www.fabad.org.tr\/wp-content\/uploads\/2026\/05\/FABAD-1-Mayis-tebrigi-2026.jpg\" alt=\"\" width=\"563\" height=\"750\" srcset=\"https:\/\/www.fabad.org.tr\/wp-content\/uploads\/2026\/05\/FABAD-1-Mayis-tebrigi-2026.jpg 563w, https:\/\/www.fabad.org.tr\/wp-content\/uploads\/2026\/05\/FABAD-1-Mayis-tebrigi-2026-250x333.jpg 250w\" sizes=\"auto, (max-width: 563px) 100vw, 563px\" \/><\/p>\n","protected":false},"excerpt":{"rendered":"<p>1 May\u0131s Emek ve Dayan\u0131\u015fma G\u00fcn\u00fc Kutlu Olsun<\/p>\n","protected":false},"author":1,"featured_media":2043,"comment_status":"closed","ping_status":"closed","sticky":false,"template":"","format":"standard","meta":{"_uag_custom_page_level_css":"","footnotes":""},"categories":[366],"tags":[],"class_list":["post-2045","post","type-post","status-publish","format-standard","has-post-thumbnail","hentry","category-duyuru"],"uagb_featured_image_src":{"full":["https:\/\/www.fabad.org.tr\/wp-content\/uploads\/2026\/05\/FABAD-1-Mayis-tebrigi-2026.jpg",563,750,false],"thumbnail":["https:\/\/www.fabad.org.tr\/wp-content\/uploads\/2026\/05\/FABAD-1-Mayis-tebrigi-2026-120x200.jpg",120,200,true],"medium":["https:\/\/www.fabad.org.tr\/wp-content\/uploads\/2026\/05\/FABAD-1-Mayis-tebrigi-2026-250x333.jpg",250,333,true],"medium_large":["https:\/\/www.fabad.org.tr\/wp-content\/uploads\/2026\/05\/FABAD-1-Mayis-tebrigi-2026.jpg",563,750,false],"large":["https:\/\/www.fabad.org.tr\/wp-content\/uploads\/2026\/05\/FABAD-1-Mayis-tebrigi-2026.jpg",563,750,false],"1536x1536":["https:\/\/www.fabad.org.tr\/wp-content\/uploads\/2026\/05\/FABAD-1-Mayis-tebrigi-2026.jpg",563,750,false],"2048x2048":["https:\/\/www.fabad.org.tr\/wp-content\/uploads\/2026\/05\/FABAD-1-Mayis-tebrigi-2026.jpg",563,750,false],"thumb-small":["https:\/\/www.fabad.org.tr\/wp-content\/uploads\/2026\/05\/FABAD-1-Mayis-tebrigi-2026-80x80.jpg",80,80,true],"thumb-standard":["https:\/\/www.fabad.org.tr\/wp-content\/uploads\/2026\/05\/FABAD-1-Mayis-tebrigi-2026-320x320.jpg",320,320,true],"thumb-medium":["https:\/\/www.fabad.org.tr\/wp-content\/uploads\/2026\/05\/FABAD-1-Mayis-tebrigi-2026-520x245.jpg",520,245,true],"thumb-large":["https:\/\/www.fabad.org.tr\/wp-content\/uploads\/2026\/05\/FABAD-1-Mayis-tebrigi-2026-563x340.jpg",563,340,true],"thumb-xlarge":["https:\/\/www.fabad.org.tr\/wp-content\/uploads\/2026\/05\/FABAD-1-Mayis-tebrigi-2026-563x450.jpg",563,450,true],"thumb-xxlarge":["https:\/\/www.fabad.org.tr\/wp-content\/uploads\/2026\/05\/FABAD-1-Mayis-tebrigi-2026-563x500.jpg",563,500,true]},"uagb_author_info":{"display_name":"Admin","author_link":"https:\/\/www.fabad.org.tr\/en\/author\/admin\/"},"uagb_comment_info":0,"uagb_excerpt":"1 May\u0131s Emek ve Dayan\u0131\u015fma G\u00fcn\u00fc Kutlu Olsun","_links":{"self":[{"href":"https:\/\/www.fabad.org.tr\/en\/wp-json\/wp\/v2\/posts\/2045","targetHints":{"allow":["GET"]}}],"collection":[{"href":"https:\/\/www.fabad.org.tr\/en\/wp-json\/wp\/v2\/posts"}],"about":[{"href":"https:\/\/www.fabad.org.tr\/en\/wp-json\/wp\/v2\/types\/post"}],"author":[{"embeddable":true,"href":"https:\/\/www.fabad.org.tr\/en\/wp-json\/wp\/v2\/users\/1"}],"replies":[{"embeddable":true,"href":"https:\/\/www.fabad.org.tr\/en\/wp-json\/wp\/v2\/comments?post=2045"}],"version-history":[{"count":1,"href":"https:\/\/www.fabad.org.tr\/en\/wp-json\/wp\/v2\/posts\/2045\/revisions"}],"predecessor-version":[{"id":2046,"href":"https:\/\/www.fabad.org.tr\/en\/wp-json\/wp\/v2\/posts\/2045\/revisions\/2046"}],"wp:featuredmedia":[{"embeddable":true,"href":"https:\/\/www.fabad.org.tr\/en\/wp-json\/wp\/v2\/media\/2043"}],"wp:attachment":[{"href":"https:\/\/www.fabad.org.tr\/en\/wp-json\/wp\/v2\/media?parent=2045"}],"wp:term":[{"taxonomy":"category","embeddable":true,"href":"https:\/\/www.fabad.org.tr\/en\/wp-json\/wp\/v2\/categories?post=2045"},{"taxonomy":"post_tag","embeddable":true,"href":"https:\/\/www.fabad.org.tr\/en\/wp-json\/wp\/v2\/tags?post=2045"}],"curies":[{"name":"wp","href":"https:\/\/api.w.org\/{rel}","templated":true}]}}