{"id":1692,"date":"2023-03-12T13:41:05","date_gmt":"2023-03-12T10:41:05","guid":{"rendered":"https:\/\/www.fabad.org.tr\/?p=1692"},"modified":"2023-03-13T16:33:08","modified_gmt":"2023-03-13T13:33:08","slug":"farmasotik-bilimler-alaninda-ulkemizin-ilk-derneklerinden-olan-fabada-emek-vermis-olan-eski-baskalar-yonetim-kurulunun-daveti-ile-ankara-universitesi-eczacilik-fakultesi-emekli-ogretim-uyele","status":"publish","type":"post","link":"https:\/\/www.fabad.org.tr\/en\/farmasotik-bilimler-alaninda-ulkemizin-ilk-derneklerinden-olan-fabada-emek-vermis-olan-eski-baskalar-yonetim-kurulunun-daveti-ile-ankara-universitesi-eczacilik-fakultesi-emekli-ogretim-uyele\/","title":{"rendered":"Farmas\u00f6tik Bilimler alan\u0131nda \u00fclkemizin ilk derneklerinden olan FABAD\u2019a emek vermis olan eski ba\u015fkalar, Y\u00f6netim Kurulunun daveti ile Ankara \u00dcniversitesi Eczac\u0131l\u0131k Fak\u00fcltesi Emekli \u00d6\u011fretim \u00dcyeleri Salonu\u2019nda 10 Mart 2023 tarihinde bir araya geldi."},"content":{"rendered":"<p>Farmas\u00f6tik bilimler Ankara Derne\u011fi (FABAD), Farmas\u00f6tik bilimler ile ilgili d\u00fcnyada ve T\u00fcrkiye\u2019deki ilerlemeleri takip etmek, meslekta\u015flar\u0131m\u0131zla payla\u015fmak, ulusal ve uluslararas\u0131 mesleki ili\u015fkileri te\u015fvik etmek ve kuvvetlendirmek amac\u0131yla 14 Haziran 1966\u2019da Prof. Dr. Enver \u0130ZG\u00dc ba\u015fkanl\u0131\u011f\u0131nda kurulmu\u015ftur. Derne\u011fimize kuruldu\u011fu 1966 y\u0131l\u0131ndan bu yana Ankara\u2019da bulunan \u00fc\u00e7 \u00dcniversitenin (Ankara \u00dcniversitesi, Gazi \u00dcniversitesi, Hacettepe \u00dcniversitesi) Eczac\u0131l\u0131k Fak\u00fcltelerinde g\u00f6rev yapan \u00f6\u011fretim \u00fcyeleri ile serbest eczac\u0131lar \u00f6zveriyle hizmet etmi\u015flerdir. Bu g\u00fcne kadar FABAD y\u00f6netim kurulu ba\u015fkanl\u0131\u011f\u0131n\u0131 Prof. Dr. Enver \u0130ZG\u00dc, Ecz. \u015eevket YA\u011eTU, Prof. Dr. Mekin TANKER, Prof. Dr. Atilla HINCAL, Prof. Dr. \u0130lbeyi A\u011eABEYO\u011eLU, Prof. Dr. Fisun ACART\u00dcRK, Prof. Dr. Filiz \u00d6NER, Prof. Dr. G\u00fclberk U\u00c7AR, Prof. Dr. F\u00fcgen AKTAN, Prof. Dr. Bensu KARAHAL\u0130L ve Prof. Dr. Nesrin G\u00d6KHAN KELEK\u00c7\u0130 y\u00fcr\u00fctm\u00fc\u015ft\u00fcr.<\/p>\n<p>Farmas\u00f6tik Bilimler alan\u0131nda \u00fclkemizin ilk derneklerinden olan FABAD\u2019a emek vermis olan eski ba\u015fkalar, Y\u00f6netim Kurulunun daveti ile Ankara \u00dcniversitesi Eczac\u0131l\u0131k Fak\u00fcltesi Emekli \u00d6\u011fretim \u00dcyeleri Salonu\u2019nda 10 Mart 2023 tarihinde bir araya geldi.\u00a0 Prof. Dr. Atilla HINCAL, Prof. Dr. Fisun ACART\u00dcRK, Prof. Dr. G\u00fclberk U\u00c7AR, Prof. Dr. Bensu KARAHAL\u0130L ve Prof. Dr. Nesrin G\u00d6KHAN KELEK\u00c7\u0130\u2019nin kat\u0131l\u0131m\u0131yla ger\u00e7ekle\u015fen toplant\u0131da, aram\u0131zdan ayr\u0131lan Prof. Dr. Enver \u0130ZG\u00dc, Ecz. \u015eevket YA\u011eTU, Prof. Dr. Mekin TANKER ve Prof. Dr. Okan ATAY sayg\u0131 ve \u00f6zlemle an\u0131ld\u0131. FABAD\u2019\u0131n tarih\u00e7esi, ge\u00e7mi\u015fte ve yeni d\u00f6nemde yap\u0131lan etkinlikler, FABAD Journal of Pharmaceutical Sciences dergisi ve mesle\u011fimizin durumu toplant\u0131n\u0131n ana konular\u0131 oldu. Derne\u011fimizin ger\u00e7ekle\u015ftirdi\u011fi bu sosyal etkinlikte, ayn\u0131 zamanda FABAD\u2019a emek veren ve katk\u0131 sa\u011flayan eski ba\u015fkanlara te\u015fekk\u00fcr belgeleri de takdim edildi. Derne\u011fimizin ve dergimizin daha uzun y\u0131llar ya\u015famas\u0131 ve daha g\u00fczel imkanlara kavu\u015fmas\u0131 hepimizin ortak iste\u011fi olarak dile getirildi.<\/p>\n\n\t\t<style>\n\t\t\t#gallery-1 {\n\t\t\t\tmargin: auto;\n\t\t\t}\n\t\t\t#gallery-1 .gallery-item {\n\t\t\t\tfloat: left;\n\t\t\t\tmargin-top: 10px;\n\t\t\t\ttext-align: center;\n\t\t\t\twidth: 25%;\n\t\t\t}\n\t\t\t#gallery-1 img {\n\t\t\t\tborder: 2px solid #cfcfcf;\n\t\t\t}\n\t\t\t#gallery-1 .gallery-caption {\n\t\t\t\tmargin-left: 0;\n\t\t\t}\n\t\t\t\/* see gallery_shortcode() in wp-includes\/media.php *\/\n\t\t<\/style>\n\t\t<div id='gallery-1' class='gallery galleryid-1692 gallery-columns-4 gallery-size-large'><dl class='gallery-item'>\n\t\t\t<dt class='gallery-icon landscape'>\n\t\t\t\t<a href='https:\/\/www.fabad.org.tr\/en\/farmasotik-bilimler-alaninda-ulkemizin-ilk-derneklerinden-olan-fabada-emek-vermis-olan-eski-baskalar-yonetim-kurulunun-daveti-ile-ankara-universitesi-eczacilik-fakultesi-emekli-ogretim-uyele\/whatsapp-gorsel-2023-03-11-saat-22-04-38\/'><img loading=\"lazy\" decoding=\"async\" width=\"768\" height=\"432\" src=\"https:\/\/www.fabad.org.tr\/wp-content\/uploads\/2023\/03\/WhatsApp-Gorsel-2023-03-11-saat-22.04.38-768x432.jpg\" class=\"attachment-large size-large\" alt=\"\" srcset=\"https:\/\/www.fabad.org.tr\/wp-content\/uploads\/2023\/03\/WhatsApp-Gorsel-2023-03-11-saat-22.04.38-768x432.jpg 768w, https:\/\/www.fabad.org.tr\/wp-content\/uploads\/2023\/03\/WhatsApp-Gorsel-2023-03-11-saat-22.04.38-250x141.jpg 250w, https:\/\/www.fabad.org.tr\/wp-content\/uploads\/2023\/03\/WhatsApp-Gorsel-2023-03-11-saat-22.04.38.jpg 1024w\" sizes=\"auto, (max-width: 768px) 100vw, 768px\" \/><\/a>\n\t\t\t<\/dt><\/dl><dl class='gallery-item'>\n\t\t\t<dt class='gallery-icon landscape'>\n\t\t\t\t<a href='https:\/\/www.fabad.org.tr\/en\/farmasotik-bilimler-alaninda-ulkemizin-ilk-derneklerinden-olan-fabada-emek-vermis-olan-eski-baskalar-yonetim-kurulunun-daveti-ile-ankara-universitesi-eczacilik-fakultesi-emekli-ogretim-uyele\/whatsapp-gorsel-2023-03-11-saat-22-06-40\/'><img loading=\"lazy\" decoding=\"async\" width=\"768\" height=\"576\" src=\"https:\/\/www.fabad.org.tr\/wp-content\/uploads\/2023\/03\/WhatsApp-Gorsel-2023-03-11-saat-22.06.40-768x576.jpg\" class=\"attachment-large size-large\" alt=\"\" srcset=\"https:\/\/www.fabad.org.tr\/wp-content\/uploads\/2023\/03\/WhatsApp-Gorsel-2023-03-11-saat-22.06.40-768x576.jpg 768w, https:\/\/www.fabad.org.tr\/wp-content\/uploads\/2023\/03\/WhatsApp-Gorsel-2023-03-11-saat-22.06.40-250x188.jpg 250w, https:\/\/www.fabad.org.tr\/wp-content\/uploads\/2023\/03\/WhatsApp-Gorsel-2023-03-11-saat-22.06.40.jpg 1024w\" sizes=\"auto, (max-width: 768px) 100vw, 768px\" \/><\/a>\n\t\t\t<\/dt><\/dl><dl class='gallery-item'>\n\t\t\t<dt class='gallery-icon landscape'>\n\t\t\t\t<a href='https:\/\/www.fabad.org.tr\/en\/farmasotik-bilimler-alaninda-ulkemizin-ilk-derneklerinden-olan-fabada-emek-vermis-olan-eski-baskalar-yonetim-kurulunun-daveti-ile-ankara-universitesi-eczacilik-fakultesi-emekli-ogretim-uyele\/whatsapp-gorsel-2023-03-11-saat-22-06-391\/'><img loading=\"lazy\" decoding=\"async\" width=\"768\" height=\"576\" src=\"https:\/\/www.fabad.org.tr\/wp-content\/uploads\/2023\/03\/WhatsApp-Gorsel-2023-03-11-saat-22.06.391-768x576.jpg\" class=\"attachment-large size-large\" alt=\"\" srcset=\"https:\/\/www.fabad.org.tr\/wp-content\/uploads\/2023\/03\/WhatsApp-Gorsel-2023-03-11-saat-22.06.391-768x576.jpg 768w, https:\/\/www.fabad.org.tr\/wp-content\/uploads\/2023\/03\/WhatsApp-Gorsel-2023-03-11-saat-22.06.391-250x188.jpg 250w, https:\/\/www.fabad.org.tr\/wp-content\/uploads\/2023\/03\/WhatsApp-Gorsel-2023-03-11-saat-22.06.391.jpg 1024w\" sizes=\"auto, (max-width: 768px) 100vw, 768px\" \/><\/a>\n\t\t\t<\/dt><\/dl><dl class='gallery-item'>\n\t\t\t<dt class='gallery-icon landscape'>\n\t\t\t\t<a href='https:\/\/www.fabad.org.tr\/en\/farmasotik-bilimler-alaninda-ulkemizin-ilk-derneklerinden-olan-fabada-emek-vermis-olan-eski-baskalar-yonetim-kurulunun-daveti-ile-ankara-universitesi-eczacilik-fakultesi-emekli-ogretim-uyele\/whatsapp-gorsel-2023-03-11-saat-22-06-392\/'><img loading=\"lazy\" decoding=\"async\" width=\"768\" height=\"576\" src=\"https:\/\/www.fabad.org.tr\/wp-content\/uploads\/2023\/03\/WhatsApp-Gorsel-2023-03-11-saat-22.06.392-768x576.jpg\" class=\"attachment-large size-large\" alt=\"\" srcset=\"https:\/\/www.fabad.org.tr\/wp-content\/uploads\/2023\/03\/WhatsApp-Gorsel-2023-03-11-saat-22.06.392-768x576.jpg 768w, https:\/\/www.fabad.org.tr\/wp-content\/uploads\/2023\/03\/WhatsApp-Gorsel-2023-03-11-saat-22.06.392-250x188.jpg 250w, https:\/\/www.fabad.org.tr\/wp-content\/uploads\/2023\/03\/WhatsApp-Gorsel-2023-03-11-saat-22.06.392.jpg 1024w\" sizes=\"auto, (max-width: 768px) 100vw, 768px\" \/><\/a>\n\t\t\t<\/dt><\/dl><br style=\"clear: both\" \/><dl class='gallery-item'>\n\t\t\t<dt class='gallery-icon portrait'>\n\t\t\t\t<a href='https:\/\/www.fabad.org.tr\/en\/farmasotik-bilimler-alaninda-ulkemizin-ilk-derneklerinden-olan-fabada-emek-vermis-olan-eski-baskalar-yonetim-kurulunun-daveti-ile-ankara-universitesi-eczacilik-fakultesi-emekli-ogretim-uyele\/whatsapp-gorsel-2023-03-11-saat-22-06-39\/'><img loading=\"lazy\" decoding=\"async\" width=\"768\" height=\"1024\" src=\"https:\/\/www.fabad.org.tr\/wp-content\/uploads\/2023\/03\/WhatsApp-Gorsel-2023-03-11-saat-22.06.39-768x1024.jpg\" class=\"attachment-large size-large\" alt=\"\" srcset=\"https:\/\/www.fabad.org.tr\/wp-content\/uploads\/2023\/03\/WhatsApp-Gorsel-2023-03-11-saat-22.06.39.jpg 768w, https:\/\/www.fabad.org.tr\/wp-content\/uploads\/2023\/03\/WhatsApp-Gorsel-2023-03-11-saat-22.06.39-250x333.jpg 250w\" sizes=\"auto, (max-width: 768px) 100vw, 768px\" \/><\/a>\n\t\t\t<\/dt><\/dl><dl class='gallery-item'>\n\t\t\t<dt class='gallery-icon landscape'>\n\t\t\t\t<a href='https:\/\/www.fabad.org.tr\/en\/farmasotik-bilimler-alaninda-ulkemizin-ilk-derneklerinden-olan-fabada-emek-vermis-olan-eski-baskalar-yonetim-kurulunun-daveti-ile-ankara-universitesi-eczacilik-fakultesi-emekli-ogretim-uyele\/whatsapp-gorsel-2023-03-13-saat-16-21-44\/'><img loading=\"lazy\" decoding=\"async\" width=\"768\" height=\"576\" src=\"https:\/\/www.fabad.org.tr\/wp-content\/uploads\/2023\/03\/WhatsApp-Gorsel-2023-03-13-saat-16.21.44-768x576.jpg\" class=\"attachment-large size-large\" alt=\"\" srcset=\"https:\/\/www.fabad.org.tr\/wp-content\/uploads\/2023\/03\/WhatsApp-Gorsel-2023-03-13-saat-16.21.44-768x576.jpg 768w, https:\/\/www.fabad.org.tr\/wp-content\/uploads\/2023\/03\/WhatsApp-Gorsel-2023-03-13-saat-16.21.44-250x188.jpg 250w, https:\/\/www.fabad.org.tr\/wp-content\/uploads\/2023\/03\/WhatsApp-Gorsel-2023-03-13-saat-16.21.44.jpg 1024w\" sizes=\"auto, (max-width: 768px) 100vw, 768px\" \/><\/a>\n\t\t\t<\/dt><\/dl><dl class='gallery-item'>\n\t\t\t<dt class='gallery-icon landscape'>\n\t\t\t\t<a href='https:\/\/www.fabad.org.tr\/en\/farmasotik-bilimler-alaninda-ulkemizin-ilk-derneklerinden-olan-fabada-emek-vermis-olan-eski-baskalar-yonetim-kurulunun-daveti-ile-ankara-universitesi-eczacilik-fakultesi-emekli-ogretim-uyele\/whatsapp-gorsel-2023-03-13-saat-16-21-441\/'><img loading=\"lazy\" decoding=\"async\" width=\"768\" height=\"576\" src=\"https:\/\/www.fabad.org.tr\/wp-content\/uploads\/2023\/03\/WhatsApp-Gorsel-2023-03-13-saat-16.21.441-768x576.jpg\" class=\"attachment-large size-large\" alt=\"\" srcset=\"https:\/\/www.fabad.org.tr\/wp-content\/uploads\/2023\/03\/WhatsApp-Gorsel-2023-03-13-saat-16.21.441-768x576.jpg 768w, https:\/\/www.fabad.org.tr\/wp-content\/uploads\/2023\/03\/WhatsApp-Gorsel-2023-03-13-saat-16.21.441-250x188.jpg 250w, https:\/\/www.fabad.org.tr\/wp-content\/uploads\/2023\/03\/WhatsApp-Gorsel-2023-03-13-saat-16.21.441.jpg 1024w\" sizes=\"auto, (max-width: 768px) 100vw, 768px\" \/><\/a>\n\t\t\t<\/dt><\/dl>\n\t\t\t<br style='clear: both' \/>\n\t\t<\/div>\n\n","protected":false},"excerpt":{"rendered":"<p>Farmas\u00f6tik bilimler Ankara Derne\u011fi (FABAD), Farmas\u00f6tik bilimler ile ilgili d\u00fcnyada ve T\u00fcrkiye\u2019deki ilerlemeleri takip etmek, meslekta\u015flar\u0131m\u0131zla payla\u015fmak, ulusal ve uluslararas\u0131 mesleki ili\u015fkileri te\u015fvik etmek ve kuvvetlendirmek amac\u0131yla 14 Haziran 1966\u2019da Prof. Dr. Enver \u0130ZG\u00dc&#46;&#46;&#46;<\/p>\n","protected":false},"author":1,"featured_media":1694,"comment_status":"closed","ping_status":"closed","sticky":false,"template":"","format":"standard","meta":{"_uag_custom_page_level_css":"","footnotes":""},"categories":[363],"tags":[],"class_list":["post-1692","post","type-post","status-publish","format-standard","has-post-thumbnail","hentry","category-sosyal-etkinliklerimiz"],"uagb_featured_image_src":{"full":["https:\/\/www.fabad.org.tr\/wp-content\/uploads\/2023\/03\/WhatsApp-Gorsel-2023-03-11-saat-22.06.39.jpg",768,1024,false],"thumbnail":["https:\/\/www.fabad.org.tr\/wp-content\/uploads\/2023\/03\/WhatsApp-Gorsel-2023-03-11-saat-22.06.39-120x200.jpg",120,200,true],"medium":["https:\/\/www.fabad.org.tr\/wp-content\/uploads\/2023\/03\/WhatsApp-Gorsel-2023-03-11-saat-22.06.39-250x333.jpg",250,333,true],"medium_large":["https:\/\/www.fabad.org.tr\/wp-content\/uploads\/2023\/03\/WhatsApp-Gorsel-2023-03-11-saat-22.06.39.jpg",768,1024,false],"large":["https:\/\/www.fabad.org.tr\/wp-content\/uploads\/2023\/03\/WhatsApp-Gorsel-2023-03-11-saat-22.06.39-768x1024.jpg",768,1024,true],"1536x1536":["https:\/\/www.fabad.org.tr\/wp-content\/uploads\/2023\/03\/WhatsApp-Gorsel-2023-03-11-saat-22.06.39.jpg",768,1024,false],"2048x2048":["https:\/\/www.fabad.org.tr\/wp-content\/uploads\/2023\/03\/WhatsApp-Gorsel-2023-03-11-saat-22.06.39.jpg",768,1024,false],"thumb-small":["https:\/\/www.fabad.org.tr\/wp-content\/uploads\/2023\/03\/WhatsApp-Gorsel-2023-03-11-saat-22.06.39-80x80.jpg",80,80,true],"thumb-standard":["https:\/\/www.fabad.org.tr\/wp-content\/uploads\/2023\/03\/WhatsApp-Gorsel-2023-03-11-saat-22.06.39-320x320.jpg",320,320,true],"thumb-medium":["https:\/\/www.fabad.org.tr\/wp-content\/uploads\/2023\/03\/WhatsApp-Gorsel-2023-03-11-saat-22.06.39-520x245.jpg",520,245,true],"thumb-large":["https:\/\/www.fabad.org.tr\/wp-content\/uploads\/2023\/03\/WhatsApp-Gorsel-2023-03-11-saat-22.06.39-720x340.jpg",720,340,true],"thumb-xlarge":["https:\/\/www.fabad.org.tr\/wp-content\/uploads\/2023\/03\/WhatsApp-Gorsel-2023-03-11-saat-22.06.39-768x450.jpg",768,450,true],"thumb-xxlarge":["https:\/\/www.fabad.org.tr\/wp-content\/uploads\/2023\/03\/WhatsApp-Gorsel-2023-03-11-saat-22.06.39-768x500.jpg",768,500,true]},"uagb_author_info":{"display_name":"Admin","author_link":"https:\/\/www.fabad.org.tr\/en\/author\/admin\/"},"uagb_comment_info":0,"uagb_excerpt":"Farmas\u00f6tik bilimler Ankara Derne\u011fi (FABAD), Farmas\u00f6tik bilimler ile ilgili d\u00fcnyada ve T\u00fcrkiye\u2019deki ilerlemeleri takip etmek, meslekta\u015flar\u0131m\u0131zla payla\u015fmak, ulusal ve uluslararas\u0131 mesleki ili\u015fkileri te\u015fvik etmek ve kuvvetlendirmek amac\u0131yla 14 Haziran 1966\u2019da Prof. Dr. Enver \u0130ZG\u00dc&#46;&#46;&#46;","_links":{"self":[{"href":"https:\/\/www.fabad.org.tr\/en\/wp-json\/wp\/v2\/posts\/1692","targetHints":{"allow":["GET"]}}],"collection":[{"href":"https:\/\/www.fabad.org.tr\/en\/wp-json\/wp\/v2\/posts"}],"about":[{"href":"https:\/\/www.fabad.org.tr\/en\/wp-json\/wp\/v2\/types\/post"}],"author":[{"embeddable":true,"href":"https:\/\/www.fabad.org.tr\/en\/wp-json\/wp\/v2\/users\/1"}],"replies":[{"embeddable":true,"href":"https:\/\/www.fabad.org.tr\/en\/wp-json\/wp\/v2\/comments?post=1692"}],"version-history":[{"count":2,"href":"https:\/\/www.fabad.org.tr\/en\/wp-json\/wp\/v2\/posts\/1692\/revisions"}],"predecessor-version":[{"id":1707,"href":"https:\/\/www.fabad.org.tr\/en\/wp-json\/wp\/v2\/posts\/1692\/revisions\/1707"}],"wp:featuredmedia":[{"embeddable":true,"href":"https:\/\/www.fabad.org.tr\/en\/wp-json\/wp\/v2\/media\/1694"}],"wp:attachment":[{"href":"https:\/\/www.fabad.org.tr\/en\/wp-json\/wp\/v2\/media?parent=1692"}],"wp:term":[{"taxonomy":"category","embeddable":true,"href":"https:\/\/www.fabad.org.tr\/en\/wp-json\/wp\/v2\/categories?post=1692"},{"taxonomy":"post_tag","embeddable":true,"href":"https:\/\/www.fabad.org.tr\/en\/wp-json\/wp\/v2\/tags?post=1692"}],"curies":[{"name":"wp","href":"https:\/\/api.w.org\/{rel}","templated":true}]}}