{"id":1611,"date":"2022-04-20T12:12:06","date_gmt":"2022-04-20T09:12:06","guid":{"rendered":"http:\/\/www.fabad.org.tr\/?p=1611"},"modified":"2022-04-20T12:12:06","modified_gmt":"2022-04-20T09:12:06","slug":"gazi-universitesi-eczacilik-fakultesi-dekanligi-gorevini-surduren-ve-teb-eczacilik-akademisi-baskanligina-secilen-prof-dr-ilkay-erdogan-orhana-hayirli-olsun-dileklerimizi-iletmek-u","status":"publish","type":"post","link":"https:\/\/www.fabad.org.tr\/en\/gazi-universitesi-eczacilik-fakultesi-dekanligi-gorevini-surduren-ve-teb-eczacilik-akademisi-baskanligina-secilen-prof-dr-ilkay-erdogan-orhana-hayirli-olsun-dileklerimizi-iletmek-u\/","title":{"rendered":"Gazi \u00dcniversitesi Eczac\u0131l\u0131k Fak\u00fcltesi Dekanl\u0131\u011f\u0131 g\u00f6revini s\u00fcrd\u00fcren ve TEB Eczac\u0131l\u0131k Akademisi Ba\u015fkanl\u0131\u011f\u0131\u2019na se\u00e7ilen Prof. Dr. \u0130lkay ERDO\u011eAN ORHAN\u2019a hay\u0131rl\u0131 olsun dileklerimizi iletmek \u00fczere nezaket ziyaretinde bulunduk."},"content":{"rendered":"<p>19 Nisan 2022 tarihinde, Gazi \u00dcniversitesi Eczac\u0131l\u0131k Fak\u00fcltesi Dekanl\u0131\u011f\u0131 g\u00f6revini s\u00fcrd\u00fcren ve TEB Eczac\u0131l\u0131k Akademisi Ba\u015fkanl\u0131\u011f\u0131\u2019na se\u00e7ilen Prof. Dr. \u0130lkay ERDO\u011eAN ORHAN\u2019a hay\u0131rl\u0131 olsun dileklerimizi iletmek \u00fczere nezaket ziyaretinde bulunduk. FABAD Y\u00f6netim Kurulu olarak hocam\u0131zla derne\u011fimiz temelinde ger\u00e7ekle\u015ftirdi\u011fimiz g\u00f6r\u00fc\u015fmemizde; derne\u011fimizin daha ileriye gitmesi ve uluslarars\u0131 hakemli dergimiz olan FABAD Journal of Pharmaceutical Sciences\u2019\u0131n daha yukar\u0131 seviyeye ta\u015f\u0131nmas\u0131 i\u00e7in fikir al\u0131\u015f veri\u015finde bulundu\u011fumuz keyifli bir sohbet ortam\u0131n\u0131 payla\u015ft\u0131k. Prof. Dr. ERDO\u011eAN ORHAN\u2019a ay\u0131rd\u0131\u011f\u0131 de\u011ferli zaman, i\u00e7ten yakla\u015f\u0131m ve destekleri i\u00e7in te\u015fekk\u00fcr ederiz.<\/p>\n\n\t\t<style>\n\t\t\t#gallery-1 {\n\t\t\t\tmargin: auto;\n\t\t\t}\n\t\t\t#gallery-1 .gallery-item {\n\t\t\t\tfloat: left;\n\t\t\t\tmargin-top: 10px;\n\t\t\t\ttext-align: center;\n\t\t\t\twidth: 50%;\n\t\t\t}\n\t\t\t#gallery-1 img {\n\t\t\t\tborder: 2px solid #cfcfcf;\n\t\t\t}\n\t\t\t#gallery-1 .gallery-caption {\n\t\t\t\tmargin-left: 0;\n\t\t\t}\n\t\t\t\/* see gallery_shortcode() in wp-includes\/media.php *\/\n\t\t<\/style>\n\t\t<div id='gallery-1' class='gallery galleryid-1611 gallery-columns-2 gallery-size-large'><dl class='gallery-item'>\n\t\t\t<dt class='gallery-icon landscape'>\n\t\t\t\t<a href='https:\/\/www.fabad.org.tr\/en\/gazi-universitesi-eczacilik-fakultesi-dekanligi-gorevini-surduren-ve-teb-eczacilik-akademisi-baskanligina-secilen-prof-dr-ilkay-erdogan-orhana-hayirli-olsun-dileklerimizi-iletmek-u\/2022-04-20_ilkay_erdogan\/'><img loading=\"lazy\" decoding=\"async\" width=\"768\" height=\"576\" src=\"https:\/\/www.fabad.org.tr\/wp-content\/uploads\/2022\/04\/2022-04-20_Ilkay_ERDOGAN-768x576.jpeg\" class=\"attachment-large size-large\" alt=\"\" srcset=\"https:\/\/www.fabad.org.tr\/wp-content\/uploads\/2022\/04\/2022-04-20_Ilkay_ERDOGAN-768x576.jpeg 768w, https:\/\/www.fabad.org.tr\/wp-content\/uploads\/2022\/04\/2022-04-20_Ilkay_ERDOGAN-250x188.jpeg 250w, https:\/\/www.fabad.org.tr\/wp-content\/uploads\/2022\/04\/2022-04-20_Ilkay_ERDOGAN-1536x1152.jpeg 1536w, https:\/\/www.fabad.org.tr\/wp-content\/uploads\/2022\/04\/2022-04-20_Ilkay_ERDOGAN.jpeg 2048w\" sizes=\"auto, (max-width: 768px) 100vw, 768px\" \/><\/a>\n\t\t\t<\/dt><\/dl><dl class='gallery-item'>\n\t\t\t<dt class='gallery-icon landscape'>\n\t\t\t\t<a href='https:\/\/www.fabad.org.tr\/en\/gazi-universitesi-eczacilik-fakultesi-dekanligi-gorevini-surduren-ve-teb-eczacilik-akademisi-baskanligina-secilen-prof-dr-ilkay-erdogan-orhana-hayirli-olsun-dileklerimizi-iletmek-u\/2022-04-20_ilkay_erdogan-2\/'><img loading=\"lazy\" decoding=\"async\" width=\"768\" height=\"576\" src=\"https:\/\/www.fabad.org.tr\/wp-content\/uploads\/2022\/04\/2022-04-20_Ilkay_ERDOGAN-2-768x576.jpeg\" class=\"attachment-large size-large\" alt=\"\" srcset=\"https:\/\/www.fabad.org.tr\/wp-content\/uploads\/2022\/04\/2022-04-20_Ilkay_ERDOGAN-2-768x576.jpeg 768w, https:\/\/www.fabad.org.tr\/wp-content\/uploads\/2022\/04\/2022-04-20_Ilkay_ERDOGAN-2-250x188.jpeg 250w, https:\/\/www.fabad.org.tr\/wp-content\/uploads\/2022\/04\/2022-04-20_Ilkay_ERDOGAN-2-1536x1152.jpeg 1536w, https:\/\/www.fabad.org.tr\/wp-content\/uploads\/2022\/04\/2022-04-20_Ilkay_ERDOGAN-2.jpeg 2048w\" sizes=\"auto, (max-width: 768px) 100vw, 768px\" \/><\/a>\n\t\t\t<\/dt><\/dl><br style=\"clear: both\" \/>\n\t\t<\/div>\n\n","protected":false},"excerpt":{"rendered":"<p>19 Nisan 2022 tarihinde, Gazi \u00dcniversitesi Eczac\u0131l\u0131k Fak\u00fcltesi Dekanl\u0131\u011f\u0131 g\u00f6revini s\u00fcrd\u00fcren ve TEB Eczac\u0131l\u0131k Akademisi Ba\u015fkanl\u0131\u011f\u0131\u2019na se\u00e7ilen Prof. Dr. \u0130lkay ERDO\u011eAN ORHAN\u2019a hay\u0131rl\u0131 olsun dileklerimizi iletmek \u00fczere nezaket ziyaretinde bulunduk. FABAD Y\u00f6netim Kurulu olarak&#46;&#46;&#46;<\/p>\n","protected":false},"author":1,"featured_media":1612,"comment_status":"closed","ping_status":"closed","sticky":false,"template":"","format":"standard","meta":{"_uag_custom_page_level_css":"","footnotes":""},"categories":[363],"tags":[],"class_list":["post-1611","post","type-post","status-publish","format-standard","has-post-thumbnail","hentry","category-sosyal-etkinliklerimiz"],"uagb_featured_image_src":{"full":["https:\/\/www.fabad.org.tr\/wp-content\/uploads\/2022\/04\/2022-04-20_Ilkay_ERDOGAN.jpeg",2048,1536,false],"thumbnail":["https:\/\/www.fabad.org.tr\/wp-content\/uploads\/2022\/04\/2022-04-20_Ilkay_ERDOGAN-120x200.jpeg",120,200,true],"medium":["https:\/\/www.fabad.org.tr\/wp-content\/uploads\/2022\/04\/2022-04-20_Ilkay_ERDOGAN-250x188.jpeg",250,188,true],"medium_large":["https:\/\/www.fabad.org.tr\/wp-content\/uploads\/2022\/04\/2022-04-20_Ilkay_ERDOGAN-768x576.jpeg",768,576,true],"large":["https:\/\/www.fabad.org.tr\/wp-content\/uploads\/2022\/04\/2022-04-20_Ilkay_ERDOGAN-768x576.jpeg",768,576,true],"1536x1536":["https:\/\/www.fabad.org.tr\/wp-content\/uploads\/2022\/04\/2022-04-20_Ilkay_ERDOGAN-1536x1152.jpeg",1536,1152,true],"2048x2048":["https:\/\/www.fabad.org.tr\/wp-content\/uploads\/2022\/04\/2022-04-20_Ilkay_ERDOGAN.jpeg",2048,1536,false],"thumb-small":["https:\/\/www.fabad.org.tr\/wp-content\/uploads\/2022\/04\/2022-04-20_Ilkay_ERDOGAN-80x80.jpeg",80,80,true],"thumb-standard":["https:\/\/www.fabad.org.tr\/wp-content\/uploads\/2022\/04\/2022-04-20_Ilkay_ERDOGAN-320x320.jpeg",320,320,true],"thumb-medium":["https:\/\/www.fabad.org.tr\/wp-content\/uploads\/2022\/04\/2022-04-20_Ilkay_ERDOGAN-520x245.jpeg",520,245,true],"thumb-large":["https:\/\/www.fabad.org.tr\/wp-content\/uploads\/2022\/04\/2022-04-20_Ilkay_ERDOGAN-720x340.jpeg",720,340,true],"thumb-xlarge":["https:\/\/www.fabad.org.tr\/wp-content\/uploads\/2022\/04\/2022-04-20_Ilkay_ERDOGAN-980x450.jpeg",980,450,true],"thumb-xxlarge":["https:\/\/www.fabad.org.tr\/wp-content\/uploads\/2022\/04\/2022-04-20_Ilkay_ERDOGAN-1320x500.jpeg",1320,500,true]},"uagb_author_info":{"display_name":"Admin","author_link":"https:\/\/www.fabad.org.tr\/en\/author\/admin\/"},"uagb_comment_info":0,"uagb_excerpt":"19 Nisan 2022 tarihinde, Gazi \u00dcniversitesi Eczac\u0131l\u0131k Fak\u00fcltesi Dekanl\u0131\u011f\u0131 g\u00f6revini s\u00fcrd\u00fcren ve TEB Eczac\u0131l\u0131k Akademisi Ba\u015fkanl\u0131\u011f\u0131\u2019na se\u00e7ilen Prof. Dr. \u0130lkay ERDO\u011eAN ORHAN\u2019a hay\u0131rl\u0131 olsun dileklerimizi iletmek \u00fczere nezaket ziyaretinde bulunduk. FABAD Y\u00f6netim Kurulu olarak&#46;&#46;&#46;","_links":{"self":[{"href":"https:\/\/www.fabad.org.tr\/en\/wp-json\/wp\/v2\/posts\/1611","targetHints":{"allow":["GET"]}}],"collection":[{"href":"https:\/\/www.fabad.org.tr\/en\/wp-json\/wp\/v2\/posts"}],"about":[{"href":"https:\/\/www.fabad.org.tr\/en\/wp-json\/wp\/v2\/types\/post"}],"author":[{"embeddable":true,"href":"https:\/\/www.fabad.org.tr\/en\/wp-json\/wp\/v2\/users\/1"}],"replies":[{"embeddable":true,"href":"https:\/\/www.fabad.org.tr\/en\/wp-json\/wp\/v2\/comments?post=1611"}],"version-history":[{"count":1,"href":"https:\/\/www.fabad.org.tr\/en\/wp-json\/wp\/v2\/posts\/1611\/revisions"}],"predecessor-version":[{"id":1614,"href":"https:\/\/www.fabad.org.tr\/en\/wp-json\/wp\/v2\/posts\/1611\/revisions\/1614"}],"wp:featuredmedia":[{"embeddable":true,"href":"https:\/\/www.fabad.org.tr\/en\/wp-json\/wp\/v2\/media\/1612"}],"wp:attachment":[{"href":"https:\/\/www.fabad.org.tr\/en\/wp-json\/wp\/v2\/media?parent=1611"}],"wp:term":[{"taxonomy":"category","embeddable":true,"href":"https:\/\/www.fabad.org.tr\/en\/wp-json\/wp\/v2\/categories?post=1611"},{"taxonomy":"post_tag","embeddable":true,"href":"https:\/\/www.fabad.org.tr\/en\/wp-json\/wp\/v2\/tags?post=1611"}],"curies":[{"name":"wp","href":"https:\/\/api.w.org\/{rel}","templated":true}]}}