{"id":1361,"date":"2020-08-16T22:10:51","date_gmt":"2020-08-16T19:10:51","guid":{"rendered":"http:\/\/www.fabad.org.tr\/?p=1361"},"modified":"2020-08-16T22:18:08","modified_gmt":"2020-08-16T19:18:08","slug":"dernekler-tarafindan-verilecek-bildirim-ve-beyannameler-ile-genel-kurul-toplantilarinin-ertelenmesine-iliskin-sure-31-10-2020-tarihine-kadar-uzatilmistir","status":"publish","type":"post","link":"https:\/\/www.fabad.org.tr\/en\/dernekler-tarafindan-verilecek-bildirim-ve-beyannameler-ile-genel-kurul-toplantilarinin-ertelenmesine-iliskin-sure-31-10-2020-tarihine-kadar-uzatilmistir\/","title":{"rendered":"Dernekler taraf\u0131ndan verilecek bildirim ve beyannameler ile genel kurul toplant\u0131lar\u0131n\u0131n ertelenmesine ili\u015fkin s\u00fcre 31.10.2020 tarihine kadar uzat\u0131lm\u0131\u015ft\u0131r."},"content":{"rendered":"<p>Dernekler taraf\u0131ndan verilecek bildirim ve beyannameler ile genel kurul toplant\u0131lar\u0131n\u0131n ertelenmesine ili\u015fkin s\u00fcre 31.10.2020 tarihine kadar uzat\u0131lm\u0131\u015ft\u0131r.<\/p>","protected":false},"excerpt":{"rendered":"<p>Dernekler taraf\u0131ndan verilecek bildirim ve beyannameler ile genel kurul toplant\u0131lar\u0131n\u0131n ertelenmesine ili\u015fkin s\u00fcre 31.10.2020 tarihine kadar uzat\u0131lm\u0131\u015ft\u0131r.<\/p>\n","protected":false},"author":1,"featured_media":1362,"comment_status":"closed","ping_status":"closed","sticky":false,"template":"","format":"standard","meta":{"_uag_custom_page_level_css":"","footnotes":""},"categories":[366],"tags":[],"class_list":["post-1361","post","type-post","status-publish","format-standard","has-post-thumbnail","hentry","category-duyuru"],"uagb_featured_image_src":{"full":["https:\/\/www.fabad.org.tr\/wp-content\/uploads\/2020\/08\/bckkk34.jpg",333,369,false],"thumbnail":["https:\/\/www.fabad.org.tr\/wp-content\/uploads\/2020\/08\/bckkk34-120x200.jpg",120,200,true],"medium":["https:\/\/www.fabad.org.tr\/wp-content\/uploads\/2020\/08\/bckkk34-250x277.jpg",250,277,true],"medium_large":["https:\/\/www.fabad.org.tr\/wp-content\/uploads\/2020\/08\/bckkk34.jpg",333,369,false],"large":["https:\/\/www.fabad.org.tr\/wp-content\/uploads\/2020\/08\/bckkk34.jpg",333,369,false],"1536x1536":["https:\/\/www.fabad.org.tr\/wp-content\/uploads\/2020\/08\/bckkk34.jpg",333,369,false],"2048x2048":["https:\/\/www.fabad.org.tr\/wp-content\/uploads\/2020\/08\/bckkk34.jpg",333,369,false],"thumb-small":["https:\/\/www.fabad.org.tr\/wp-content\/uploads\/2020\/08\/bckkk34-80x80.jpg",80,80,true],"thumb-standard":["https:\/\/www.fabad.org.tr\/wp-content\/uploads\/2020\/08\/bckkk34-320x320.jpg",320,320,true],"thumb-medium":["https:\/\/www.fabad.org.tr\/wp-content\/uploads\/2020\/08\/bckkk34-333x245.jpg",333,245,true],"thumb-large":["https:\/\/www.fabad.org.tr\/wp-content\/uploads\/2020\/08\/bckkk34-333x340.jpg",333,340,true],"thumb-xlarge":["https:\/\/www.fabad.org.tr\/wp-content\/uploads\/2020\/08\/bckkk34.jpg",333,369,false],"thumb-xxlarge":["https:\/\/www.fabad.org.tr\/wp-content\/uploads\/2020\/08\/bckkk34.jpg",333,369,false]},"uagb_author_info":{"display_name":"Admin","author_link":"https:\/\/www.fabad.org.tr\/en\/author\/admin\/"},"uagb_comment_info":0,"uagb_excerpt":"Dernekler taraf\u0131ndan verilecek bildirim ve beyannameler ile genel kurul toplant\u0131lar\u0131n\u0131n ertelenmesine ili\u015fkin s\u00fcre 31.10.2020 tarihine kadar uzat\u0131lm\u0131\u015ft\u0131r.","_links":{"self":[{"href":"https:\/\/www.fabad.org.tr\/en\/wp-json\/wp\/v2\/posts\/1361","targetHints":{"allow":["GET"]}}],"collection":[{"href":"https:\/\/www.fabad.org.tr\/en\/wp-json\/wp\/v2\/posts"}],"about":[{"href":"https:\/\/www.fabad.org.tr\/en\/wp-json\/wp\/v2\/types\/post"}],"author":[{"embeddable":true,"href":"https:\/\/www.fabad.org.tr\/en\/wp-json\/wp\/v2\/users\/1"}],"replies":[{"embeddable":true,"href":"https:\/\/www.fabad.org.tr\/en\/wp-json\/wp\/v2\/comments?post=1361"}],"version-history":[{"count":3,"href":"https:\/\/www.fabad.org.tr\/en\/wp-json\/wp\/v2\/posts\/1361\/revisions"}],"predecessor-version":[{"id":1365,"href":"https:\/\/www.fabad.org.tr\/en\/wp-json\/wp\/v2\/posts\/1361\/revisions\/1365"}],"wp:featuredmedia":[{"embeddable":true,"href":"https:\/\/www.fabad.org.tr\/en\/wp-json\/wp\/v2\/media\/1362"}],"wp:attachment":[{"href":"https:\/\/www.fabad.org.tr\/en\/wp-json\/wp\/v2\/media?parent=1361"}],"wp:term":[{"taxonomy":"category","embeddable":true,"href":"https:\/\/www.fabad.org.tr\/en\/wp-json\/wp\/v2\/categories?post=1361"},{"taxonomy":"post_tag","embeddable":true,"href":"https:\/\/www.fabad.org.tr\/en\/wp-json\/wp\/v2\/tags?post=1361"}],"curies":[{"name":"wp","href":"https:\/\/api.w.org\/{rel}","templated":true}]}}