{"id":1105,"date":"2019-02-15T00:00:50","date_gmt":"2019-02-14T21:00:50","guid":{"rendered":"http:\/\/www.fabad.org.tr\/?p=1105"},"modified":"2019-02-28T22:04:50","modified_gmt":"2019-02-28T19:04:50","slug":"baskent-ankarada-bu-yil-acilan-lokman-hekim-universitesi-eczacilik-fakultesi-dekani-prof-dr-sn-belma-gumuseli-15-subat-2019-tarihinde-ziyaret-ettik","status":"publish","type":"post","link":"https:\/\/www.fabad.org.tr\/en\/baskent-ankarada-bu-yil-acilan-lokman-hekim-universitesi-eczacilik-fakultesi-dekani-prof-dr-sn-belma-gumuseli-15-subat-2019-tarihinde-ziyaret-ettik\/","title":{"rendered":"Ba\u015fkent Ankara\u2019da bu y\u0131l a\u00e7\u0131lan Lokman Hekim \u00dcniversitesi Eczac\u0131l\u0131k Fak\u00fcltesi Dekan\u0131 Prof. Dr. Sn. Belma G\u00dcM\u00dc\u015eEL\u2019i, 15 \u015eubat 2019 tarihinde ziyaret ettik."},"content":{"rendered":"<p>Ba\u015fkent Ankara\u2019da bu y\u0131l a\u00e7\u0131lan Lokman Hekim \u00dcniversitesi Eczac\u0131l\u0131k Fak\u00fcltesi Dekan\u0131 Prof. Dr. Sn. Belma G\u00dcM\u00dc\u015eEL\u2019i, 15 \u015eubat 2019 tarihinde ziyaret ettik. Derne\u011fimizin yeni d\u00f6nemde yapmay\u0131 hedefledi\u011fi etkinlikler hakk\u0131nda konu\u015ftuk, kendilerinin derne\u011fe destek olabilecekleri konularda fikirlerini ald\u0131k ve g\u00fczel payla\u015f\u0131mlarda bulunduk.<\/p>\n\n\t\t<style>\n\t\t\t#gallery-1 {\n\t\t\t\tmargin: auto;\n\t\t\t}\n\t\t\t#gallery-1 .gallery-item {\n\t\t\t\tfloat: left;\n\t\t\t\tmargin-top: 10px;\n\t\t\t\ttext-align: center;\n\t\t\t\twidth: 50%;\n\t\t\t}\n\t\t\t#gallery-1 img {\n\t\t\t\tborder: 2px solid #cfcfcf;\n\t\t\t}\n\t\t\t#gallery-1 .gallery-caption {\n\t\t\t\tmargin-left: 0;\n\t\t\t}\n\t\t\t\/* see gallery_shortcode() in wp-includes\/media.php *\/\n\t\t<\/style>\n\t\t<div id='gallery-1' class='gallery galleryid-1105 gallery-columns-2 gallery-size-large'><dl class='gallery-item'>\n\t\t\t<dt class='gallery-icon landscape'>\n\t\t\t\t<a href='https:\/\/www.fabad.org.tr\/wp-content\/uploads\/2019\/02\/11.jpg'><img loading=\"lazy\" decoding=\"async\" width=\"768\" height=\"576\" src=\"https:\/\/www.fabad.org.tr\/wp-content\/uploads\/2019\/02\/11-768x576.jpg\" class=\"attachment-large size-large\" alt=\"\" srcset=\"https:\/\/www.fabad.org.tr\/wp-content\/uploads\/2019\/02\/11-768x576.jpg 768w, https:\/\/www.fabad.org.tr\/wp-content\/uploads\/2019\/02\/11-250x188.jpg 250w, https:\/\/www.fabad.org.tr\/wp-content\/uploads\/2019\/02\/11.jpg 1600w\" sizes=\"auto, (max-width: 768px) 100vw, 768px\" \/><\/a>\n\t\t\t<\/dt><\/dl><dl class='gallery-item'>\n\t\t\t<dt class='gallery-icon landscape'>\n\t\t\t\t<a href='https:\/\/www.fabad.org.tr\/wp-content\/uploads\/2019\/02\/10.jpg'><img loading=\"lazy\" decoding=\"async\" width=\"768\" height=\"576\" src=\"https:\/\/www.fabad.org.tr\/wp-content\/uploads\/2019\/02\/10-768x576.jpg\" class=\"attachment-large size-large\" alt=\"\" srcset=\"https:\/\/www.fabad.org.tr\/wp-content\/uploads\/2019\/02\/10-768x576.jpg 768w, https:\/\/www.fabad.org.tr\/wp-content\/uploads\/2019\/02\/10-250x188.jpg 250w, https:\/\/www.fabad.org.tr\/wp-content\/uploads\/2019\/02\/10.jpg 1600w\" sizes=\"auto, (max-width: 768px) 100vw, 768px\" \/><\/a>\n\t\t\t<\/dt><\/dl><br style=\"clear: both\" \/>\n\t\t<\/div>\n\n","protected":false},"excerpt":{"rendered":"<p>Ba\u015fkent Ankara\u2019da bu y\u0131l a\u00e7\u0131lan Lokman Hekim \u00dcniversitesi Eczac\u0131l\u0131k Fak\u00fcltesi Dekan\u0131 Prof. Dr. Sn. Belma G\u00dcM\u00dc\u015eEL\u2019i, 15 \u015eubat 2019 tarihinde ziyaret ettik. Derne\u011fimizin yeni d\u00f6nemde yapmay\u0131 hedefledi\u011fi etkinlikler hakk\u0131nda konu\u015ftuk, kendilerinin derne\u011fe destek olabilecekleri&#46;&#46;&#46;<\/p>\n","protected":false},"author":1,"featured_media":1107,"comment_status":"closed","ping_status":"closed","sticky":false,"template":"","format":"standard","meta":{"_uag_custom_page_level_css":"","footnotes":""},"categories":[363],"tags":[],"class_list":["post-1105","post","type-post","status-publish","format-standard","has-post-thumbnail","hentry","category-sosyal-etkinliklerimiz"],"uagb_featured_image_src":{"full":["https:\/\/www.fabad.org.tr\/wp-content\/uploads\/2019\/02\/10.jpg",1600,1200,false],"thumbnail":["https:\/\/www.fabad.org.tr\/wp-content\/uploads\/2019\/02\/10-120x200.jpg",120,200,true],"medium":["https:\/\/www.fabad.org.tr\/wp-content\/uploads\/2019\/02\/10-250x188.jpg",250,188,true],"medium_large":["https:\/\/www.fabad.org.tr\/wp-content\/uploads\/2019\/02\/10-768x576.jpg",768,576,true],"large":["https:\/\/www.fabad.org.tr\/wp-content\/uploads\/2019\/02\/10-768x576.jpg",768,576,true],"1536x1536":["https:\/\/www.fabad.org.tr\/wp-content\/uploads\/2019\/02\/10.jpg",1536,1152,false],"2048x2048":["https:\/\/www.fabad.org.tr\/wp-content\/uploads\/2019\/02\/10.jpg",1600,1200,false],"thumb-small":["https:\/\/www.fabad.org.tr\/wp-content\/uploads\/2019\/02\/10-160x160.jpg",80,80,true],"thumb-standard":["https:\/\/www.fabad.org.tr\/wp-content\/uploads\/2019\/02\/10-320x320.jpg",320,320,true],"thumb-medium":["https:\/\/www.fabad.org.tr\/wp-content\/uploads\/2019\/02\/10-520x245.jpg",520,245,true],"thumb-large":["https:\/\/www.fabad.org.tr\/wp-content\/uploads\/2019\/02\/10-720x340.jpg",720,340,true],"thumb-xlarge":["https:\/\/www.fabad.org.tr\/wp-content\/uploads\/2019\/02\/10-980x450.jpg",980,450,true],"thumb-xxlarge":["https:\/\/www.fabad.org.tr\/wp-content\/uploads\/2019\/02\/10-1320x500.jpg",1320,500,true]},"uagb_author_info":{"display_name":"Admin","author_link":"https:\/\/www.fabad.org.tr\/en\/author\/admin\/"},"uagb_comment_info":0,"uagb_excerpt":"Ba\u015fkent Ankara\u2019da bu y\u0131l a\u00e7\u0131lan Lokman Hekim \u00dcniversitesi Eczac\u0131l\u0131k Fak\u00fcltesi Dekan\u0131 Prof. Dr. Sn. Belma G\u00dcM\u00dc\u015eEL\u2019i, 15 \u015eubat 2019 tarihinde ziyaret ettik. Derne\u011fimizin yeni d\u00f6nemde yapmay\u0131 hedefledi\u011fi etkinlikler hakk\u0131nda konu\u015ftuk, kendilerinin derne\u011fe destek olabilecekleri&#46;&#46;&#46;","_links":{"self":[{"href":"https:\/\/www.fabad.org.tr\/en\/wp-json\/wp\/v2\/posts\/1105","targetHints":{"allow":["GET"]}}],"collection":[{"href":"https:\/\/www.fabad.org.tr\/en\/wp-json\/wp\/v2\/posts"}],"about":[{"href":"https:\/\/www.fabad.org.tr\/en\/wp-json\/wp\/v2\/types\/post"}],"author":[{"embeddable":true,"href":"https:\/\/www.fabad.org.tr\/en\/wp-json\/wp\/v2\/users\/1"}],"replies":[{"embeddable":true,"href":"https:\/\/www.fabad.org.tr\/en\/wp-json\/wp\/v2\/comments?post=1105"}],"version-history":[{"count":1,"href":"https:\/\/www.fabad.org.tr\/en\/wp-json\/wp\/v2\/posts\/1105\/revisions"}],"predecessor-version":[{"id":1108,"href":"https:\/\/www.fabad.org.tr\/en\/wp-json\/wp\/v2\/posts\/1105\/revisions\/1108"}],"wp:featuredmedia":[{"embeddable":true,"href":"https:\/\/www.fabad.org.tr\/en\/wp-json\/wp\/v2\/media\/1107"}],"wp:attachment":[{"href":"https:\/\/www.fabad.org.tr\/en\/wp-json\/wp\/v2\/media?parent=1105"}],"wp:term":[{"taxonomy":"category","embeddable":true,"href":"https:\/\/www.fabad.org.tr\/en\/wp-json\/wp\/v2\/categories?post=1105"},{"taxonomy":"post_tag","embeddable":true,"href":"https:\/\/www.fabad.org.tr\/en\/wp-json\/wp\/v2\/tags?post=1105"}],"curies":[{"name":"wp","href":"https:\/\/api.w.org\/{rel}","templated":true}]}}